{"id":64,"date":"2019-12-02T15:55:22","date_gmt":"2019-12-02T15:55:22","guid":{"rendered":"http:\/\/www.francoconsultoriasp.com.br\/Blog\/?p=64"},"modified":"2019-12-04T20:45:29","modified_gmt":"2019-12-04T20:45:29","slug":"lgpd-o-que-voce-precisa-saber-sobre-a-lei-de-protecao-de-dados","status":"publish","type":"post","link":"http:\/\/www.francoconsultoriasp.com.br\/Blog\/2019\/12\/02\/lgpd-o-que-voce-precisa-saber-sobre-a-lei-de-protecao-de-dados\/","title":{"rendered":"LGPD: O que voc\u00ea precisa saber sobre a Lei de Prote\u00e7\u00e3o de Dados"},"content":{"rendered":"\n<p>A Franco Consultoria gostaria de destacar que o fabricante do sistema ERP Protheus\u00a0ir\u00e1 iniciar em<strong>\u00a0Janeiro\/2020<\/strong>\u00a0a libera\u00e7\u00e3o de pacotes para contemplar adequa\u00e7\u00e3o de solu\u00e7\u00f5es \u00e0\u00a0<strong>LGPD<\/strong>\u00a0<strong>(Lei Geral de Prote\u00e7\u00e3o de Dados)<\/strong>.\u00a0\u00a0<br><br><strong>\u2022\u00a0O que \u00e9 Lei Geral de Prote\u00e7\u00e3o de Dados?<\/strong><br><br>A Lei\u00a0n\u00b0 13.709,\u00a0sancionada em 14 de agosto de 2018, tem como objetivo\u00a0garantir transpar\u00eancia\u00a0e prote\u00e7\u00e3o no uso de\u00a0dados de pessoas f\u00edsicas por parte de empresas p\u00fablicas e privadas. \u00c9 importante lembrar que a lei entrar\u00e1 em vigor a partir de agosto de 2020.\u00a0<\/p>\n\n\n\n<p><strong>\u2022 O que muda para as empresas?<\/strong><\/p>\n\n\n\n<p>Antes as empresas faziam&nbsp;uso livre das informa\u00e7\u00f5es obtidas a partir de dados de bases de terceiros sem o consentimento do propriet\u00e1rio, mas a partir de&nbsp;agosto do ano que vem a empresa s\u00f3 poder\u00e1 recolher os&nbsp;dados mediante autoriza\u00e7\u00e3o do pr\u00f3prio titular. O usu\u00e1rio dever\u00e1 ser&nbsp;informado dos termos&nbsp;e precisa conced\u00ea-los livremente.&nbsp;<br>As multas por n\u00e3o conformidade podem chegar a 2% do faturamento, limitadas a R$ 50 milh\u00f5es. Al\u00e9m disso, as empresas podem ter suas atividades suspensas, parcial ou totalmente.&nbsp;<\/p>\n\n\n\n<p><strong>\u2022 Medidas que as empresas devem tomar ap\u00f3s a LGPD entrar em vigor<\/strong><\/p>\n\n\n\n<p>A principal medida que as empresas devem tomar \u00e9 com rela\u00e7\u00e3o a equipe de TI do escrit\u00f3rio, que&nbsp;deve fazer um diagn\u00f3stico com relat\u00f3rios&nbsp;de an\u00e1lises de risco e de impacto das novas exig\u00eancias. Com isso, ser\u00e1 poss\u00edvel verificar quais s\u00e3o os pontos mais vulner\u00e1veis de seus sistemas e constatar quais s\u00e3o os maiores fatores de risco.<\/p>\n\n\n\n<p>Para mais informa\u00e7\u00f5es, acesse:&nbsp;<a rel=\"noreferrer noopener\" href=\"http:\/\/bit.ly\/LGPD_\" target=\"_blank\">http:\/\/bit.ly\/LGPD_<\/a><\/p>\n\n\n\n<p><strong>N\u00e3o deixe para \u00faltima hora!<\/strong><\/p>\n\n\n\n<p>Estamos \u00e0 disposi\u00e7\u00e3o&nbsp;para esclarecer eventuais d\u00favidas e&nbsp;planejar as a\u00e7\u00f5es necess\u00e1rias&nbsp;para que n\u00e3o falte nada na sua empresa.\n\n<\/p>\n\n\n\n<p><\/p>\n\n\n\n<table class=\"wp-block-table\"><tbody><tr><td><\/td><\/tr><\/tbody><\/table>\n","protected":false},"excerpt":{"rendered":"<p>A Franco Consultoria gostaria de destacar que o fabricante do sistema ERP Protheus\u00a0ir\u00e1 iniciar em\u00a0Janeiro\/2020\u00a0a libera\u00e7\u00e3o de pacotes para contemplar adequa\u00e7\u00e3o de solu\u00e7\u00f5es \u00e0\u00a0LGPD\u00a0(Lei Geral&hellip;<\/p>\n","protected":false},"author":1,"featured_media":66,"comment_status":"open","ping_status":"open","sticky":false,"template":"","format":"standard","meta":{"footnotes":""},"categories":[2],"tags":[],"class_list":["post-64","post","type-post","status-publish","format-standard","has-post-thumbnail","hentry","category-artigos"],"_links":{"self":[{"href":"http:\/\/www.francoconsultoriasp.com.br\/Blog\/wp-json\/wp\/v2\/posts\/64","targetHints":{"allow":["GET"]}}],"collection":[{"href":"http:\/\/www.francoconsultoriasp.com.br\/Blog\/wp-json\/wp\/v2\/posts"}],"about":[{"href":"http:\/\/www.francoconsultoriasp.com.br\/Blog\/wp-json\/wp\/v2\/types\/post"}],"author":[{"embeddable":true,"href":"http:\/\/www.francoconsultoriasp.com.br\/Blog\/wp-json\/wp\/v2\/users\/1"}],"replies":[{"embeddable":true,"href":"http:\/\/www.francoconsultoriasp.com.br\/Blog\/wp-json\/wp\/v2\/comments?post=64"}],"version-history":[{"count":4,"href":"http:\/\/www.francoconsultoriasp.com.br\/Blog\/wp-json\/wp\/v2\/posts\/64\/revisions"}],"predecessor-version":[{"id":70,"href":"http:\/\/www.francoconsultoriasp.com.br\/Blog\/wp-json\/wp\/v2\/posts\/64\/revisions\/70"}],"wp:featuredmedia":[{"embeddable":true,"href":"http:\/\/www.francoconsultoriasp.com.br\/Blog\/wp-json\/wp\/v2\/media\/66"}],"wp:attachment":[{"href":"http:\/\/www.francoconsultoriasp.com.br\/Blog\/wp-json\/wp\/v2\/media?parent=64"}],"wp:term":[{"taxonomy":"category","embeddable":true,"href":"http:\/\/www.francoconsultoriasp.com.br\/Blog\/wp-json\/wp\/v2\/categories?post=64"},{"taxonomy":"post_tag","embeddable":true,"href":"http:\/\/www.francoconsultoriasp.com.br\/Blog\/wp-json\/wp\/v2\/tags?post=64"}],"curies":[{"name":"wp","href":"https:\/\/api.w.org\/{rel}","templated":true}]}}