{"id":681,"date":"2026-03-17T17:28:23","date_gmt":"2026-03-17T17:28:23","guid":{"rendered":"https:\/\/www.francoconsultoriasp.com.br\/Blog\/?p=681"},"modified":"2026-03-17T17:39:11","modified_gmt":"2026-03-17T17:39:11","slug":"cbenef-atualize-seu-protheus-e-evite-rejeicao-de-notas-fiscais","status":"publish","type":"post","link":"http:\/\/www.francoconsultoriasp.com.br\/Blog\/2026\/03\/17\/cbenef-atualize-seu-protheus-e-evite-rejeicao-de-notas-fiscais\/","title":{"rendered":"cBenef &#8211; Atualize seu Protheus e Evite Rejei\u00e7\u00e3o de Notas Fiscais"},"content":{"rendered":"\n<p>O <strong><mark style=\"background-color:rgba(0, 0, 0, 0);color:#043773\" class=\"has-inline-color\">cBenef<\/mark><\/strong> (C\u00f3digo de Benef\u00edcio Fiscal) representa uma mudan\u00e7a significativa na gest\u00e3o fiscal das empresas paulistas. Mais do que uma exig\u00eancia t\u00e9cnica, ele \u00e9 um instrumento de transpar\u00eancia e compliance tribut\u00e1rio. Empresas devem se antecipar, atualizar seus sistemas e treinar suas equipes para evitar riscos e garantir que, a partir de abril de 2026, suas opera\u00e7\u00f5es estejam em plena conformidade com a legisla\u00e7\u00e3o.<\/p>\n\n\n\n<p>O cBenef ser\u00e1 obrigat\u00f3rio em notas fiscais eletr\u00f4nicas (NF-e e NFC-e) em S\u00e3o Paulo a partir de 6 de abril de 2026, conforme o Decreto n\u00ba 69.981\/2025 e a Portaria SRE n\u00ba 70\/2025. Desde janeiro de 2026, o recurso est\u00e1 em fase de homologa\u00e7\u00e3o nos sistemas, incluindo o ERP Protheus, e empresas que n\u00e3o atualizarem seus sistemas podem enfrentar rejei\u00e7\u00f5es fiscais e multas.<\/p>\n\n\n\n<p><strong><mark style=\"background-color:rgba(0, 0, 0, 0);color:#043773\" class=\"has-inline-color\">O que \u00e9 o cBenef ?<\/mark><\/strong><\/p>\n\n\n\n<ul class=\"wp-block-list\">\n<li>cBenef significa C\u00f3digo de Benef\u00edcio Fiscal.<\/li>\n\n\n\n<li>\u00c9 um campo obrigat\u00f3rio nas notas fiscais eletr\u00f4nicas (NF-e modelo 55 e NFC-e modelo 65).<\/li>\n\n\n\n<li>Serve para identificar benef\u00edcios fiscais aplicados em opera\u00e7\u00f5es, como redu\u00e7\u00f5es de base de c\u00e1lculo, isen\u00e7\u00f5es ou cr\u00e9ditos presumidos de ICMS.<\/li>\n\n\n\n<li>Foi institu\u00eddo para aumentar a transpar\u00eancia e o controle da concess\u00e3o de incentivos fiscais.<\/li>\n<\/ul>\n\n\n\n<p><strong><mark style=\"background-color:rgba(0, 0, 0, 0);color:#043773\" class=\"has-inline-color\">Data de in\u00edcio da obrigatoriedade:<\/mark><\/strong><\/p>\n\n\n\n<ul class=\"wp-block-list\">\n<li><mark style=\"background-color:rgba(0, 0, 0, 0);color:#043773\" class=\"has-inline-color\"><strong>Homologa\u00e7\u00e3o<\/strong>:<\/mark> desde<mark style=\"background-color:rgba(0, 0, 0, 0);color:#043773\" class=\"has-inline-color\"> <strong>janeiro de 2026<\/strong><\/mark>, empresas j\u00e1 podem testar e validar o uso do cBenef nos sistemas.<\/li>\n\n\n\n<li><mark style=\"background-color:rgba(0, 0, 0, 0);color:#043773\" class=\"has-inline-color\"><strong>Obrigatoriedade<\/strong>:<\/mark> a partir de <strong><mark style=\"background-color:rgba(0, 0, 0, 0);color:#043773\" class=\"has-inline-color\">6 de abril de 2026<\/mark><\/strong>, o preenchimento do campo ser\u00e1 exigido em todas as NF-e e NFC-e emitidas em S\u00e3o Paulo.<br><br><strong><mark style=\"background-color:rgba(0, 0, 0, 0);color:#043773\" class=\"has-inline-color\">Normas que implementaram<\/mark><\/strong>:<\/li>\n<\/ul>\n\n\n\n<ul class=\"wp-block-list\">\n<li><strong><mark style=\"background-color:rgba(0, 0, 0, 0);color:#043773\" class=\"has-inline-color\">Decreto n\u00ba 69.981, de 18 de outubro de 2025<\/mark><\/strong> \u2013 internalizou a obrigatoriedade do cBenef no Regulamento do ICMS paulista.<\/li>\n\n\n\n<li><strong><mark style=\"background-color:rgba(0, 0, 0, 0);color:#043773\" class=\"has-inline-color\">Portaria SRE n\u00ba 70, de 21 de outubro de 2025<\/mark><\/strong> \u2013 detalhou a aplica\u00e7\u00e3o pr\u00e1tica da exig\u00eancia.<\/li>\n\n\n\n<li><mark style=\"background-color:rgba(0, 0, 0, 0);color:#043773\" class=\"has-inline-color\"><strong>Nota T\u00e9cnica NF-e 01\/2019 \u2013 Vers\u00e3o 1.70 (agosto\/2025)<\/strong> <\/mark>\u2013 estabeleceu os par\u00e2metros t\u00e9cnicos para utiliza\u00e7\u00e3o do campo.<\/li>\n<\/ul>\n\n\n\n<p><strong><mark style=\"background-color:rgba(0, 0, 0, 0);color:#043773\" class=\"has-inline-color\">Por que isso importa para sua empresa?<\/mark><\/strong><\/p>\n\n\n\n<ul class=\"wp-block-list\">\n<li>Evitar rejei\u00e7\u00f5es de NF-e e NFC-e;<\/li>\n\n\n\n<li>Garantir conformidade com a legisla\u00e7\u00e3o vigente;<\/li>\n\n\n\n<li>Reduz riscos de autua\u00e7\u00f5es fiscais;<\/li>\n\n\n\n<li>Paralisar vendas e atrasos em processos log\u00edsticos;<\/li>\n\n\n\n<li>Mant\u00e9m a opera\u00e7\u00e3o fluindo sem interrup\u00e7\u00f5es;<\/li>\n\n\n\n<li>Perda de benef\u00edcios fiscais.<\/li>\n<\/ul>\n\n\n\n<p><strong><mark style=\"background-color:rgba(0, 0, 0, 0);color:#043773\" class=\"has-inline-color\">Como se preparar:<\/mark><\/strong><\/p>\n\n\n\n<ul class=\"wp-block-list\">\n<li><strong><mark style=\"background-color:rgba(0, 0, 0, 0);color:#043773\" class=\"has-inline-color\">Atualizar seu ERP<\/mark> <\/strong>para a vers\u00e3o que contempla o cBenef.<\/li>\n\n\n\n<li><strong><mark style=\"background-color:rgba(0, 0, 0, 0);color:#043773\" class=\"has-inline-color\">Parametrizar corretamente<\/mark><\/strong> os c\u00f3digos de benef\u00edcio fiscal aplic\u00e1veis \u00e0s opera\u00e7\u00f5es da empresa.<\/li>\n\n\n\n<li><strong><mark style=\"background-color:rgba(0, 0, 0, 0);color:#043773\" class=\"has-inline-color\">Configure corretamente<\/mark> <\/strong>a tabela CST x cBenef.<\/li>\n\n\n\n<li><mark style=\"background-color:rgba(0, 0, 0, 0);color:#043773\" class=\"has-inline-color\"><strong>Treinar a equipe fiscal e cont\u00e1bil<\/strong> <\/mark>para identificar e aplicar o cBenef nas notas.<\/li>\n\n\n\n<li><strong>T<mark style=\"background-color:rgba(0, 0, 0, 0);color:#043773\" class=\"has-inline-color\">estar em ambiente de homologa\u00e7\u00e3o<\/mark><\/strong> antes da obrigatoriedade, garantindo que n\u00e3o haja falhas no processo.<\/li>\n<\/ul>\n\n\n\n<p><strong><br><mark style=\"background-color:rgba(0, 0, 0, 0);color:#043773\" class=\"has-inline-color\">Pontos Importantes:<\/mark><\/strong><\/p>\n\n\n\n<ul class=\"wp-block-list\">\n<li><strong><mark style=\"background-color:rgba(0, 0, 0, 0);color:#043773\" class=\"has-inline-color\">Obrigatoriedade cBenef (SP):<\/mark><\/strong>\n<ul class=\"wp-block-list\">\n<li>A SEFAZ\/SP regulamentou o uso obrigat\u00f3rio do c\u00f3digo de benef\u00edcio fiscal nas NF-e e NFC-e, com foco na conformidade para 2026. O Protheus permite vincular o c\u00f3digo correto a produtos e CFOPs espec\u00edficos na tabela de amarra\u00e7\u00e3o (FISA140) para garantir a correta grava\u00e7\u00e3o na tag cBenef.<br><\/li>\n<\/ul>\n<\/li>\n\n\n\n<li><strong><mark style=\"background-color:rgba(0, 0, 0, 0);color:#043773\" class=\"has-inline-color\">Configurador de Tributos:<\/mark><\/strong>\n<ul class=\"wp-block-list\">\n<li>\u00c9 a ferramenta recomendada para gerenciar a complexidade tribut\u00e1ria, substituindo o uso exclusivo de TES (Tipo de Entrada e Sa\u00edda) para casos complexos. Ele permite cadastrar perfis, regras de c\u00e1lculo e vincular o benef\u00edcio fiscal (cBenef) ao produto\/fornecedor.<\/li>\n<\/ul>\n<\/li>\n<\/ul>\n\n\n\n<ul class=\"wp-block-list\">\n<li><strong><mark style=\"background-color:rgba(0, 0, 0, 0);color:#043773\" class=\"has-inline-color\">Redu\u00e7\u00e3o de Base\/Diferimento:<\/mark><\/strong>\n<ul class=\"wp-block-list\">\n<li>O sistema permite configurar situa\u00e7\u00f5es como redu\u00e7\u00e3o de base de c\u00e1lculo do ICMS (Ex: CST 20) ou isen\u00e7\u00e3o (Ex: CST 40), garantindo que o c\u00e1lculo de &#8220;Outros&#8221; ou &#8220;Isento&#8221; seja levado para o SPED Fiscal.<br><\/li>\n<\/ul>\n<\/li>\n\n\n\n<li><strong><mark style=\"background-color:rgba(0, 0, 0, 0);color:#043773\" class=\"has-inline-color\">CSTs e TES:<\/mark><\/strong>\n<ul class=\"wp-block-list\">\n<li>Para que o benef\u00edcio fiscal apare\u00e7a no XML e DANFE, \u00e9 necess\u00e1rio parametrizar a TES com o CST adequado e garantir a amarra\u00e7\u00e3o com a regra fiscal no m\u00f3dulo SIGAFIS.<br><\/li>\n<\/ul>\n<\/li>\n\n\n\n<li><strong><mark style=\"background-color:rgba(0, 0, 0, 0);color:#043773\" class=\"has-inline-color\">Gest\u00e3o de Cr\u00e9ditos\/SPED:<\/mark><\/strong>\n<ul class=\"wp-block-list\">\n<li>O Protheus automatiza a apura\u00e7\u00e3o de ICMS e prepara o arquivo do SPED Fiscal, considerando as regras espec\u00edficas de benef\u00edcios de SP.\u00a0<br><\/li>\n<\/ul>\n<\/li>\n\n\n\n<li><strong><mark style=\"background-color:rgba(0, 0, 0, 0);color:#043773\" class=\"has-inline-color\">Para cen\u00e1rios de\u00a0ICMS diferido 100%:<\/mark><\/strong>\n<ul class=\"wp-block-list\">\n<li>Necessidade de gerar o cBenef espec\u00edfico, onde o diferimento significa que o recolhimento do ICMS \u00e9 postergado para uma etapa futura da cadeia (ex.: na sa\u00edda do industrializador ou no momento da venda subsequente). O imposto \u00e9 totalmente diferido, ou seja, n\u00e3o h\u00e1 recolhimento na opera\u00e7\u00e3o inicial.<\/li>\n<\/ul>\n<\/li>\n<\/ul>\n\n\n\n<p><strong><mark style=\"background-color:rgba(0, 0, 0, 0);color:#043773\" class=\"has-inline-color\">A Franco Consultoria h\u00e1\u202fmais de 24 anos de experi\u00eancia<\/mark><\/strong>\u00a0com o ERP Protheus, atua com qualidade, responsabilidade e comprometimento para superar as necessidades de nossos clientes. Possu\u00edmos especialistas em diversos segmentos que est\u00e3o em prontid\u00e3o para te atender.\u00a0 Nos colocamos \u00e0 sua disposi\u00e7\u00e3o para esclarecer<\/p>\n\n\n\n<div class=\"wp-block-buttons is-layout-flex wp-block-buttons-is-layout-flex\">\n<div class=\"wp-block-button is-style-fill\" id=\"marketing@francoconsultoria.com.br\"><a class=\"wp-block-button__link has-background wp-element-button\" style=\"background-color:#043773\">Mande um E-mail<\/a><\/div>\n<\/div>\n\n\n\n<div class=\"wp-block-buttons is-layout-flex wp-block-buttons-is-layout-flex\">\n<div class=\"wp-block-button is-style-outline is-style-outline--1\" id=\"https:\/\/api.whatsapp.com\/message\/VW4NAAJ3PNHTG1?autoload=1&amp;app_absent=0\"><a class=\"wp-block-button__link has-white-color has-text-color has-background has-link-color wp-element-button\" style=\"background-color:#043773\">N\u00f3s chame no WhatsApp<\/a><\/div>\n<\/div>\n\n\n\n<p><\/p>\n\n\n<div class=\"taxonomy-post_tag wp-block-post-terms\"><a href=\"http:\/\/www.francoconsultoriasp.com.br\/Blog\/tag\/cbenef\/\" rel=\"tag\">cBenef<\/a><span class=\"wp-block-post-terms__separator\">, <\/span><a href=\"http:\/\/www.francoconsultoriasp.com.br\/Blog\/tag\/consultoria-2\/\" rel=\"tag\">Consultoria<\/a><span class=\"wp-block-post-terms__separator\">, <\/span><a href=\"http:\/\/www.francoconsultoriasp.com.br\/Blog\/tag\/erp\/\" rel=\"tag\">ERP<\/a><span class=\"wp-block-post-terms__separator\">, <\/span><a href=\"http:\/\/www.francoconsultoriasp.com.br\/Blog\/tag\/nf-e\/\" rel=\"tag\">NF-e<\/a><span class=\"wp-block-post-terms__separator\">, <\/span><a href=\"http:\/\/www.francoconsultoriasp.com.br\/Blog\/tag\/protheus\/\" rel=\"tag\">Protheus<\/a><\/div>","protected":false},"excerpt":{"rendered":"<p>O cBenef (C\u00f3digo de Benef\u00edcio Fiscal) representa uma mudan\u00e7a significativa na gest\u00e3o fiscal das empresas paulistas. Mais do que uma exig\u00eancia t\u00e9cnica, ele \u00e9 um&hellip;<\/p>\n","protected":false},"author":1,"featured_media":685,"comment_status":"open","ping_status":"open","sticky":false,"template":"","format":"standard","meta":{"footnotes":""},"categories":[1],"tags":[197,159,17,198,18],"class_list":["post-681","post","type-post","status-publish","format-standard","has-post-thumbnail","hentry","category-uncategorized","tag-cbenef","tag-consultoria-2","tag-erp","tag-nf-e","tag-protheus"],"_links":{"self":[{"href":"http:\/\/www.francoconsultoriasp.com.br\/Blog\/wp-json\/wp\/v2\/posts\/681","targetHints":{"allow":["GET"]}}],"collection":[{"href":"http:\/\/www.francoconsultoriasp.com.br\/Blog\/wp-json\/wp\/v2\/posts"}],"about":[{"href":"http:\/\/www.francoconsultoriasp.com.br\/Blog\/wp-json\/wp\/v2\/types\/post"}],"author":[{"embeddable":true,"href":"http:\/\/www.francoconsultoriasp.com.br\/Blog\/wp-json\/wp\/v2\/users\/1"}],"replies":[{"embeddable":true,"href":"http:\/\/www.francoconsultoriasp.com.br\/Blog\/wp-json\/wp\/v2\/comments?post=681"}],"version-history":[{"count":6,"href":"http:\/\/www.francoconsultoriasp.com.br\/Blog\/wp-json\/wp\/v2\/posts\/681\/revisions"}],"predecessor-version":[{"id":688,"href":"http:\/\/www.francoconsultoriasp.com.br\/Blog\/wp-json\/wp\/v2\/posts\/681\/revisions\/688"}],"wp:featuredmedia":[{"embeddable":true,"href":"http:\/\/www.francoconsultoriasp.com.br\/Blog\/wp-json\/wp\/v2\/media\/685"}],"wp:attachment":[{"href":"http:\/\/www.francoconsultoriasp.com.br\/Blog\/wp-json\/wp\/v2\/media?parent=681"}],"wp:term":[{"taxonomy":"category","embeddable":true,"href":"http:\/\/www.francoconsultoriasp.com.br\/Blog\/wp-json\/wp\/v2\/categories?post=681"},{"taxonomy":"post_tag","embeddable":true,"href":"http:\/\/www.francoconsultoriasp.com.br\/Blog\/wp-json\/wp\/v2\/tags?post=681"}],"curies":[{"name":"wp","href":"https:\/\/api.w.org\/{rel}","templated":true}]}}